{"id":2351,"date":"2025-11-04T18:13:22","date_gmt":"2025-11-04T15:13:22","guid":{"rendered":"https:\/\/www.samsunspor.org.tr\/?p=2351"},"modified":"2025-11-21T21:37:16","modified_gmt":"2025-11-21T18:37:16","slug":"samsunspor-marsimizin-emektarlarina-tesekkur-plaketi","status":"publish","type":"post","link":"https:\/\/www.samsunspor.org.tr\/v2\/samsunspor-marsimizin-emektarlarina-tesekkur-plaketi\/","title":{"rendered":"SAMSUNSPOR MAR\u015eIMIZIN EMEKTERLARINA TE\u015eEKK\u00dcR PLAKET\u0130"},"content":{"rendered":"\n<p class=\"wp-block-paragraph\">Kul\u00fcb\u00fcm\u00fcz\u00fcn g\u00f6n\u00fcllerde yer eden Samsunspor Mar\u015f\u0131n\u0131n s\u00f6z yazar\u0131 Hasan Akba\u015f ve bestekar\u0131 Cavit Ersoy\u2019a, Samsunspor\u2019umuza katt\u0131klar\u0131 de\u011ferli katk\u0131lar\u0131ndan dolay\u0131 te\u015fekk\u00fcr plaketi takdim edilmi\u015ftir.<\/p>\n\n\n\n<p class=\"wp-block-paragraph\">\u015eehrimizin ruhunu, tutkusunu ve b\u00fcy\u00fck Samsunspor sevdas\u0131n\u0131 notalara ve dizelere d\u00f6ken k\u0131ymetli sanat\u00e7\u0131lar\u0131m\u0131za minnetlerimizi sunuyoruz. <img loading=\"lazy\" decoding=\"async\" height=\"16\" width=\"16\" alt=\"\ud83c\udfb6\" src=\"https:\/\/static.xx.fbcdn.net\/images\/emoji.php\/v9\/t1f\/1\/16\/1f3b6.png\"><img loading=\"lazy\" decoding=\"async\" height=\"16\" width=\"16\" alt=\"\u2764\" src=\"https:\/\/static.xx.fbcdn.net\/images\/emoji.php\/v9\/t6c\/1\/16\/2764.png\"><\/p>\n\n\n\n<p class=\"wp-block-paragraph\">Samsunspor sadece bir kul\u00fcp de\u011fil, nesilden nesle aktar\u0131lan bir duygudur.<\/p>\n\n\n\n<p class=\"wp-block-paragraph\">Bu duygunun mimarlar\u0131na sonsuz te\u015fekk\u00fcrler! <img loading=\"lazy\" decoding=\"async\" height=\"16\" width=\"16\" alt=\"\ud83d\ude4f\" src=\"https:\/\/static.xx.fbcdn.net\/images\/emoji.php\/v9\/t80\/1\/16\/1f64f.png\"><img loading=\"lazy\" decoding=\"async\" height=\"16\" width=\"16\" alt=\"\ud83d\udd34\" src=\"https:\/\/static.xx.fbcdn.net\/images\/emoji.php\/v9\/t6e\/1\/16\/1f534.png\"><\/p>\n\n\n\n<p class=\"wp-block-paragraph\"><\/p>\n","protected":false},"excerpt":{"rendered":"<p>Kul\u00fcb\u00fcm\u00fcz\u00fcn g\u00f6n\u00fcllerde yer eden Samsunspor Mar\u015f\u0131n\u0131n s\u00f6z yazar\u0131 Hasan Akba\u015f ve bestekar\u0131 Cavit Ersoy\u2019a, Samsunspor\u2019umuza katt\u0131klar\u0131 de\u011ferli katk\u0131lar\u0131ndan dolay\u0131 te\u015fekk\u00fcr&hellip;<\/p>\n","protected":false},"author":1,"featured_media":2352,"comment_status":"open","ping_status":"open","sticky":false,"template":"","format":"standard","meta":{"footnotes":""},"categories":[48,1],"tags":[],"class_list":["post-2351","post","type-post","status-publish","format-standard","has-post-thumbnail","hentry","category-haberler","category-kulup"],"aioseo_notices":[],"_links":{"self":[{"href":"https:\/\/www.samsunspor.org.tr\/v2\/wp-json\/wp\/v2\/posts\/2351","targetHints":{"allow":["GET"]}}],"collection":[{"href":"https:\/\/www.samsunspor.org.tr\/v2\/wp-json\/wp\/v2\/posts"}],"about":[{"href":"https:\/\/www.samsunspor.org.tr\/v2\/wp-json\/wp\/v2\/types\/post"}],"author":[{"embeddable":true,"href":"https:\/\/www.samsunspor.org.tr\/v2\/wp-json\/wp\/v2\/users\/1"}],"replies":[{"embeddable":true,"href":"https:\/\/www.samsunspor.org.tr\/v2\/wp-json\/wp\/v2\/comments?post=2351"}],"version-history":[{"count":2,"href":"https:\/\/www.samsunspor.org.tr\/v2\/wp-json\/wp\/v2\/posts\/2351\/revisions"}],"predecessor-version":[{"id":2802,"href":"https:\/\/www.samsunspor.org.tr\/v2\/wp-json\/wp\/v2\/posts\/2351\/revisions\/2802"}],"wp:featuredmedia":[{"embeddable":true,"href":"https:\/\/www.samsunspor.org.tr\/v2\/wp-json\/wp\/v2\/media\/2352"}],"wp:attachment":[{"href":"https:\/\/www.samsunspor.org.tr\/v2\/wp-json\/wp\/v2\/media?parent=2351"}],"wp:term":[{"taxonomy":"category","embeddable":true,"href":"https:\/\/www.samsunspor.org.tr\/v2\/wp-json\/wp\/v2\/categories?post=2351"},{"taxonomy":"post_tag","embeddable":true,"href":"https:\/\/www.samsunspor.org.tr\/v2\/wp-json\/wp\/v2\/tags?post=2351"}],"curies":[{"name":"wp","href":"https:\/\/api.w.org\/{rel}","templated":true}]}}