{"id":2753,"date":"2025-07-30T19:35:00","date_gmt":"2025-07-30T16:35:00","guid":{"rendered":"https:\/\/www.samsunspor.org.tr\/?p=2753"},"modified":"2025-11-21T19:35:55","modified_gmt":"2025-11-21T16:35:55","slug":"samsun-ticaret-ve-sanayi-odasina-ziyaret-gerceklestirdik","status":"publish","type":"post","link":"https:\/\/www.samsunspor.org.tr\/v2\/samsun-ticaret-ve-sanayi-odasina-ziyaret-gerceklestirdik\/","title":{"rendered":"SAMSUN T\u0130CARET VE SANAY\u0130 ODASINA Z\u0130YARET GER\u00c7EKLE\u015eT\u0130RD\u0130K"},"content":{"rendered":"\n<p class=\"wp-block-paragraph\">Samsunspor Kul\u00fcb\u00fc Y\u00f6netim Kurulumuz, \u015fehrimizin \u00f6nemli payda\u015flar\u0131ndan biri olan Samsun Ticaret ve Sanayi Odas\u0131\u2019na bir ziyaret ger\u00e7ekle\u015ftirdi.<\/p>\n\n\n\n<p class=\"wp-block-paragraph\"><a><\/a>G\u00f6r\u00fc\u015fmede, kul\u00fcb\u00fcm\u00fcz\u00fcn 60. kurulu\u015f y\u0131l\u0131 kapsam\u0131nda planlanan etkinlikler hakk\u0131nda bilgi verilerek, bu anlaml\u0131 s\u00fcre\u00e7te \u015fehrin t\u00fcm dinamikleriyle birlikte hareket edilmesinin \u00f6nemine dikkat \u00e7ekildi.<\/p>\n\n\n\n<p class=\"wp-block-paragraph\">Ge\u00e7ti\u011fimiz sezon verdikleri destek i\u00e7in Ticaret ve Sanayi Odas\u0131 Y\u00f6netim Kurulu Ba\u015fkan\u0131 Sn. Salih Zeki Murzio\u011flu&#8217;na te\u015fekk\u00fcrlerimizi iletirken, yeni sezon \u00f6ncesinde de kombine bilet deste\u011fi ba\u015fta olmak \u00fczere kul\u00fcb\u00fcm\u00fcz\u00fcn yan\u0131nda olunmas\u0131 y\u00f6n\u00fcnde beklentilerimiz ifade edildi. Ziyaret, kar\u015f\u0131l\u0131kl\u0131 iyi niyet ve i\u015f birli\u011fi temennileriyle tamamland\u0131. Nazik misafirperverliklerinden dolay\u0131 kendilerine te\u015fekk\u00fcr ediyoruz.<\/p>\n\n\n\n<p class=\"wp-block-paragraph\">Ger\u00e7ekle\u015fen ziyarete Ba\u015fkan Vekilimiz Veysel Bilen, Ba\u015fkan Yard\u0131mc\u0131lar\u0131m\u0131z Fazl\u0131han Carus, Serkan Kaya, \u0130\u015f D\u00fcnyas\u0131 ve STK Sorumlumuz Onur \u00d6ztekin, Halkla \u0130li\u015fkiler ve \u00dcye \u0130li\u015fkileri Sorumlumuz Tuncay Bulut ve Y\u00f6netim Kurulu \u00dcyemiz Giray \u015een kat\u0131ld\u0131.<\/p>\n","protected":false},"excerpt":{"rendered":"<p>Samsunspor Kul\u00fcb\u00fc Y\u00f6netim Kurulumuz, \u015fehrimizin \u00f6nemli payda\u015flar\u0131ndan biri olan Samsun Ticaret ve Sanayi Odas\u0131\u2019na bir ziyaret ger\u00e7ekle\u015ftirdi. G\u00f6r\u00fc\u015fmede, kul\u00fcb\u00fcm\u00fcz\u00fcn 60.&hellip;<\/p>\n","protected":false},"author":3,"featured_media":2754,"comment_status":"open","ping_status":"open","sticky":false,"template":"","format":"standard","meta":{"footnotes":""},"categories":[48,1],"tags":[],"class_list":["post-2753","post","type-post","status-publish","format-standard","has-post-thumbnail","hentry","category-haberler","category-kulup"],"aioseo_notices":[],"_links":{"self":[{"href":"https:\/\/www.samsunspor.org.tr\/v2\/wp-json\/wp\/v2\/posts\/2753","targetHints":{"allow":["GET"]}}],"collection":[{"href":"https:\/\/www.samsunspor.org.tr\/v2\/wp-json\/wp\/v2\/posts"}],"about":[{"href":"https:\/\/www.samsunspor.org.tr\/v2\/wp-json\/wp\/v2\/types\/post"}],"author":[{"embeddable":true,"href":"https:\/\/www.samsunspor.org.tr\/v2\/wp-json\/wp\/v2\/users\/3"}],"replies":[{"embeddable":true,"href":"https:\/\/www.samsunspor.org.tr\/v2\/wp-json\/wp\/v2\/comments?post=2753"}],"version-history":[{"count":1,"href":"https:\/\/www.samsunspor.org.tr\/v2\/wp-json\/wp\/v2\/posts\/2753\/revisions"}],"predecessor-version":[{"id":2755,"href":"https:\/\/www.samsunspor.org.tr\/v2\/wp-json\/wp\/v2\/posts\/2753\/revisions\/2755"}],"wp:featuredmedia":[{"embeddable":true,"href":"https:\/\/www.samsunspor.org.tr\/v2\/wp-json\/wp\/v2\/media\/2754"}],"wp:attachment":[{"href":"https:\/\/www.samsunspor.org.tr\/v2\/wp-json\/wp\/v2\/media?parent=2753"}],"wp:term":[{"taxonomy":"category","embeddable":true,"href":"https:\/\/www.samsunspor.org.tr\/v2\/wp-json\/wp\/v2\/categories?post=2753"},{"taxonomy":"post_tag","embeddable":true,"href":"https:\/\/www.samsunspor.org.tr\/v2\/wp-json\/wp\/v2\/tags?post=2753"}],"curies":[{"name":"wp","href":"https:\/\/api.w.org\/{rel}","templated":true}]}}