{"id":2770,"date":"2025-08-01T19:39:00","date_gmt":"2025-08-01T16:39:00","guid":{"rendered":"https:\/\/www.samsunspor.org.tr\/?p=2770"},"modified":"2025-11-21T19:42:20","modified_gmt":"2025-11-21T16:42:20","slug":"okculuk-takimimizdan-derece","status":"publish","type":"post","link":"https:\/\/www.samsunspor.org.tr\/v2\/okculuk-takimimizdan-derece\/","title":{"rendered":"OK\u00c7ULUK TAKIMIMIZDAN DERECE"},"content":{"rendered":"\n<p class=\"wp-block-paragraph\">Sporcular\u0131m\u0131z Kerem \u00c7elik, Fatih Arda Temiz ve Metin Mert Varol&#8217;dan olu\u015fan Samsunspor U21 Ok\u00e7uluk tak\u0131m\u0131m\u0131z, 2025 T\u00fcrkiye Kupas\u0131 3. Ayak (TSP-3) Yar\u0131\u015fmas\u0131nda Makaral\u0131 Yay Erkekler kategorisinde T\u00fcrkiye 3&#8217;\u00fcnc\u00fcs\u00fc olmu\u015ftur. <\/p>\n\n\n\n<p class=\"wp-block-paragraph\">Dereceye giren tak\u0131m\u0131m\u0131z\u0131 kutluyor, ba\u015far\u0131lar\u0131n\u0131n devam\u0131n\u0131 diliyoruz.<\/p>\n","protected":false},"excerpt":{"rendered":"<p>Sporcular\u0131m\u0131z Kerem \u00c7elik, Fatih Arda Temiz ve Metin Mert Varol&#8217;dan olu\u015fan Samsunspor U21 Ok\u00e7uluk tak\u0131m\u0131m\u0131z, 2025 T\u00fcrkiye Kupas\u0131 3. Ayak&hellip;<\/p>\n","protected":false},"author":3,"featured_media":2771,"comment_status":"open","ping_status":"open","sticky":false,"template":"","format":"standard","meta":{"footnotes":""},"categories":[48,49],"tags":[],"class_list":["post-2770","post","type-post","status-publish","format-standard","has-post-thumbnail","hentry","category-haberler","category-okculuk"],"aioseo_notices":[],"_links":{"self":[{"href":"https:\/\/www.samsunspor.org.tr\/v2\/wp-json\/wp\/v2\/posts\/2770","targetHints":{"allow":["GET"]}}],"collection":[{"href":"https:\/\/www.samsunspor.org.tr\/v2\/wp-json\/wp\/v2\/posts"}],"about":[{"href":"https:\/\/www.samsunspor.org.tr\/v2\/wp-json\/wp\/v2\/types\/post"}],"author":[{"embeddable":true,"href":"https:\/\/www.samsunspor.org.tr\/v2\/wp-json\/wp\/v2\/users\/3"}],"replies":[{"embeddable":true,"href":"https:\/\/www.samsunspor.org.tr\/v2\/wp-json\/wp\/v2\/comments?post=2770"}],"version-history":[{"count":1,"href":"https:\/\/www.samsunspor.org.tr\/v2\/wp-json\/wp\/v2\/posts\/2770\/revisions"}],"predecessor-version":[{"id":2772,"href":"https:\/\/www.samsunspor.org.tr\/v2\/wp-json\/wp\/v2\/posts\/2770\/revisions\/2772"}],"wp:featuredmedia":[{"embeddable":true,"href":"https:\/\/www.samsunspor.org.tr\/v2\/wp-json\/wp\/v2\/media\/2771"}],"wp:attachment":[{"href":"https:\/\/www.samsunspor.org.tr\/v2\/wp-json\/wp\/v2\/media?parent=2770"}],"wp:term":[{"taxonomy":"category","embeddable":true,"href":"https:\/\/www.samsunspor.org.tr\/v2\/wp-json\/wp\/v2\/categories?post=2770"},{"taxonomy":"post_tag","embeddable":true,"href":"https:\/\/www.samsunspor.org.tr\/v2\/wp-json\/wp\/v2\/tags?post=2770"}],"curies":[{"name":"wp","href":"https:\/\/api.w.org\/{rel}","templated":true}]}}