{"id":3883,"date":"2026-06-28T22:07:56","date_gmt":"2026-06-28T19:07:56","guid":{"rendered":"https:\/\/www.samsunspor.org.tr\/?p=3883"},"modified":"2026-06-28T22:07:58","modified_gmt":"2026-06-28T19:07:58","slug":"kamuoyuna-duyuru","status":"publish","type":"post","link":"https:\/\/www.samsunspor.org.tr\/v2\/kamuoyuna-duyuru\/","title":{"rendered":"KAMUOYUNA DUYURU"},"content":{"rendered":"\n<p class=\"wp-block-paragraph\">Fenerbah\u00e7e Spor Kul\u00fcb\u00fc Ba\u015fkan Vekili Bar\u0131\u015f G\u00f6kt\u00fcrk\u2019\u00fcn, Kul\u00fcp Ba\u015fkan\u0131m\u0131z Say\u0131n Y\u00fcksel Y\u0131ld\u0131r\u0131m hakk\u0131nda sarf etti\u011fi ve \u201cbir camiay\u0131 temsil etmiyor\u201d \u015feklindeki ifadeleri esefle kar\u015f\u0131l\u0131yoruz.<\/p>\n\n\n\n<p class=\"wp-block-paragraph\">Bu ifadeler yaln\u0131zca Ba\u015fkan\u0131m\u0131z Say\u0131n Y\u00fcksel Y\u0131ld\u0131r\u0131m\u2019a de\u011fil; 60 y\u0131ll\u0131k k\u00f6kl\u00fc tarihi, b\u00fcy\u00fck taraftar kitlesi ve temsil etti\u011fi de\u011ferlerle T\u00fcrk futbolunun en \u00f6nemli camialar\u0131ndan biri olan Samsunspor\u2019a y\u00f6neltilmi\u015f a\u00e7\u0131k bir sayg\u0131s\u0131zl\u0131kt\u0131r.<\/p>\n\n\n\n<p class=\"wp-block-paragraph\">Hi\u00e7 kimsenin Samsunspor\u2019un b\u00fcy\u00fckl\u00fc\u011f\u00fcn\u00fc, temsil g\u00fcc\u00fcn\u00fc ve kurumsal kimli\u011fini sorgulama hakk\u0131 yoktur. Samsunspor\u2019un temsil etti\u011fi de\u011ferler; tarihiyle, m\u00fccadelesiyle, taraftar\u0131yla ve T\u00fcrk futboluna sundu\u011fu katk\u0131larla tart\u0131\u015fmas\u0131zd\u0131r.<\/p>\n\n\n\n<p class=\"wp-block-paragraph\">Ba\u015fkan\u0131m\u0131z Say\u0131n Y\u00fcksel Y\u0131ld\u0131r\u0131m\u2019\u0131n dile getirdi\u011fi g\u00f6r\u00fc\u015fler, kul\u00fcb\u00fcm\u00fcz\u00fcn ve T\u00fcrk futbolunun gelece\u011fine ili\u015fkin yap\u0131c\u0131 de\u011ferlendirmelerdir. Bu g\u00f6r\u00fc\u015flere verilecek kar\u015f\u0131l\u0131k; hakaret, k\u00fc\u00e7\u00fcmseyici ifadeler ve camiam\u0131z\u0131 hedef alan s\u00f6ylemler de\u011fil, fikir ve sa\u011fduyu olmal\u0131d\u0131r.<\/p>\n\n\n\n<p class=\"wp-block-paragraph\">\u00d6te yandan, s\u00f6z konusu ifadelerin Fenerbah\u00e7e camias\u0131n\u0131 temsil etmedi\u011fine inan\u0131yor; bu talihsiz a\u00e7\u0131klamalar\u0131n yaln\u0131zca ilgili ki\u015finin \u015fahsi de\u011ferlendirmeleri olarak g\u00f6r\u00fclmesi gerekti\u011fini d\u00fc\u015f\u00fcn\u00fcyoruz.<\/p>\n\n\n\n<p class=\"wp-block-paragraph\">Bu do\u011frultuda, bundan sonraki s\u00fcre\u00e7te Fenerbah\u00e7e Spor Kul\u00fcb\u00fc ad\u0131na yap\u0131lacak de\u011ferlendirmelerde muhatab\u0131m\u0131z\u0131n yaln\u0131zca Kul\u00fcp Ba\u015fkan\u0131 Say\u0131n Aziz Y\u0131ld\u0131r\u0131m olaca\u011f\u0131n\u0131 ifade ederiz. Kul\u00fcpler aras\u0131ndaki kar\u015f\u0131l\u0131kl\u0131 sayg\u0131ya ve ortak futbol k\u00fclt\u00fcr\u00fcne zarar verecek yakla\u015f\u0131mlar\u0131n hi\u00e7bir camiaya fayda sa\u011flamayaca\u011f\u0131na inan\u0131yoruz.<\/p>\n\n\n\n<p class=\"wp-block-paragraph\">Samsunspor Kul\u00fcb\u00fc olarak, Ba\u015fkan\u0131m\u0131z Say\u0131n Y\u00fcksel Y\u0131ld\u0131r\u0131m\u2019a ve B\u00fcy\u00fck Samsunspor Camias\u0131\u2019na y\u00f6nelik bu a\u00e7\u0131klamalar\u0131 reddediyor; Ba\u015fkan\u0131m\u0131z\u0131n ve camiam\u0131z\u0131n yan\u0131nda oldu\u011fumuzu kamuoyuna sayg\u0131yla bildiriyoruz.<\/p>\n\n\n\n<p class=\"wp-block-paragraph\">Samsunspor Kul\u00fcb\u00fc<\/p>\n","protected":false},"excerpt":{"rendered":"<p>Fenerbah\u00e7e Spor Kul\u00fcb\u00fc Ba\u015fkan Vekili Bar\u0131\u015f G\u00f6kt\u00fcrk\u2019\u00fcn, Kul\u00fcp Ba\u015fkan\u0131m\u0131z Say\u0131n Y\u00fcksel Y\u0131ld\u0131r\u0131m hakk\u0131nda sarf etti\u011fi ve \u201cbir camiay\u0131 temsil etmiyor\u201d&hellip;<\/p>\n","protected":false},"author":3,"featured_media":3884,"comment_status":"open","ping_status":"open","sticky":false,"template":"","format":"standard","meta":{"footnotes":""},"categories":[48,1],"tags":[],"class_list":["post-3883","post","type-post","status-publish","format-standard","has-post-thumbnail","hentry","category-haberler","category-kulup"],"aioseo_notices":[],"_links":{"self":[{"href":"https:\/\/www.samsunspor.org.tr\/v2\/wp-json\/wp\/v2\/posts\/3883","targetHints":{"allow":["GET"]}}],"collection":[{"href":"https:\/\/www.samsunspor.org.tr\/v2\/wp-json\/wp\/v2\/posts"}],"about":[{"href":"https:\/\/www.samsunspor.org.tr\/v2\/wp-json\/wp\/v2\/types\/post"}],"author":[{"embeddable":true,"href":"https:\/\/www.samsunspor.org.tr\/v2\/wp-json\/wp\/v2\/users\/3"}],"replies":[{"embeddable":true,"href":"https:\/\/www.samsunspor.org.tr\/v2\/wp-json\/wp\/v2\/comments?post=3883"}],"version-history":[{"count":1,"href":"https:\/\/www.samsunspor.org.tr\/v2\/wp-json\/wp\/v2\/posts\/3883\/revisions"}],"predecessor-version":[{"id":3885,"href":"https:\/\/www.samsunspor.org.tr\/v2\/wp-json\/wp\/v2\/posts\/3883\/revisions\/3885"}],"wp:featuredmedia":[{"embeddable":true,"href":"https:\/\/www.samsunspor.org.tr\/v2\/wp-json\/wp\/v2\/media\/3884"}],"wp:attachment":[{"href":"https:\/\/www.samsunspor.org.tr\/v2\/wp-json\/wp\/v2\/media?parent=3883"}],"wp:term":[{"taxonomy":"category","embeddable":true,"href":"https:\/\/www.samsunspor.org.tr\/v2\/wp-json\/wp\/v2\/categories?post=3883"},{"taxonomy":"post_tag","embeddable":true,"href":"https:\/\/www.samsunspor.org.tr\/v2\/wp-json\/wp\/v2\/tags?post=3883"}],"curies":[{"name":"wp","href":"https:\/\/api.w.org\/{rel}","templated":true}]}}