{"id":3923,"date":"2026-07-24T17:49:28","date_gmt":"2026-07-24T14:49:28","guid":{"rendered":"https:\/\/www.samsunspor.org.tr\/?p=3923"},"modified":"2026-07-24T17:49:30","modified_gmt":"2026-07-24T14:49:30","slug":"samsun-esnafindan-kulubumuze-guclu-destek-mesaji","status":"publish","type":"post","link":"https:\/\/www.samsunspor.org.tr\/v2\/samsun-esnafindan-kulubumuze-guclu-destek-mesaji\/","title":{"rendered":"SAMSUN ESNAFINDAN KUL\u00dcB\u00dcM\u00dcZE G\u00dc\u00c7L\u00dc DESTEK MESAJI"},"content":{"rendered":"\n<p class=\"wp-block-paragraph\">Samsun Esnaf ve Sanatk\u00e2rlar Odalar\u0131 Birli\u011fi (SESOB) Ba\u015fkan\u0131 Hac\u0131 Ey\u00fcb G\u00fcler&#8217;in ev sahipli\u011finde d\u00fczenlenen toplant\u0131da, Samsun esnaf\u0131 kul\u00fcb\u00fcm\u00fcze destek mesaj\u0131 verdi. SESOB hizmet binas\u0131nda ger\u00e7ekle\u015ftirilen bulu\u015fmaya Ba\u015fkan Yard\u0131mc\u0131m\u0131z Fazl\u0131han Carus ile Y\u00f6netim Kurulu \u00dcyemiz Murat Alanyurt kat\u0131ld\u0131.<\/p>\n\n\n\n<p class=\"wp-block-paragraph\">Toplant\u0131da konu\u015fan SESOB Ba\u015fkan\u0131 Hac\u0131 Ey\u00fcb G\u00fcler, Samsunspor&#8217;un \u015fehrin en \u00f6nemli ortak de\u011feri oldu\u011funu belirterek, kul\u00fcb\u00fcm\u00fcz\u00fcn ba\u015far\u0131s\u0131n\u0131n yaln\u0131zca sportif anlamda de\u011fil, ekonomik ve sosyal a\u00e7\u0131dan da Samsun&#8217;a \u00f6nemli katk\u0131lar sa\u011flad\u0131\u011f\u0131n\u0131 ifade etti.<\/p>\n\n\n\n<p class=\"wp-block-paragraph\">G\u00fcler, yapt\u0131\u011f\u0131 konu\u015fmada \u015fu ifadelere yer verdi:<\/p>\n\n\n\n<p class=\"wp-block-paragraph\">&#8220;Samsunspor, bu \u015fehrin en b\u00fcy\u00fck birle\u015ftirici g\u00fcc\u00fcd\u00fcr. Tak\u0131m\u0131m\u0131z kazand\u0131\u011f\u0131nda yaln\u0131zca sahada de\u011fil, \u015fehrimizin sokaklar\u0131nda, esnaf\u0131m\u0131z\u0131n i\u015f yerlerinde ve ekonomisinde de bunun olumlu yans\u0131malar\u0131n\u0131 g\u00f6r\u00fcyoruz. Avrupa&#8217;da ve ligde \u015fehrimizi temsil eden armam\u0131za sahip \u00e7\u0131kmak hepimizin ortak sorumlulu\u011fudur. Samsun esnaf\u0131 olarak d\u00fcn oldu\u011fu gibi bug\u00fcn de yar\u0131n da kul\u00fcb\u00fcm\u00fcz\u00fcn maddi ve manevi anlamda yan\u0131nda olmaya devam edece\u011fiz. T\u00fcm \u015fehir dinamiklerini ve taraftarlar\u0131m\u0131z\u0131 Samsunspor etraf\u0131nda kenetlenmeye davet ediyorum.&#8221;<\/p>\n\n\n\n<p class=\"wp-block-paragraph\">Toplant\u0131da konu\u015fan Ba\u015fkan Yard\u0131mc\u0131m\u0131z Fazl\u0131han Carus ise, Samsun esnaf\u0131n\u0131n kul\u00fcb\u00fcm\u00fcze verdi\u011fi deste\u011fin b\u00fcy\u00fck \u00f6nem ta\u015f\u0131d\u0131\u011f\u0131n\u0131 belirterek \u015fu de\u011ferlendirmelerde bulundu:<\/p>\n\n\n\n<p class=\"wp-block-paragraph\">&#8220;SESOB Ba\u015fkan\u0131m\u0131z Say\u0131n Hac\u0131 Ey\u00fcb G\u00fcler&#8217;in \u00f6nc\u00fcl\u00fc\u011f\u00fcnde oda ba\u015fkanlar\u0131m\u0131z\u0131n kombine sat\u0131\u015flar\u0131na destek verme y\u00f6n\u00fcndeki yakla\u015f\u0131m\u0131 bizleri son derece memnun etti. Bunun yan\u0131 s\u0131ra i\u015f yerlerine Samsunspor bayraklar\u0131n\u0131n as\u0131lmas\u0131 y\u00f6n\u00fcndeki \u00e7a\u011fr\u0131 da \u015fehirde olu\u015fturulacak birlik ve beraberlik ruhuna \u00f6nemli katk\u0131 sa\u011flayacakt\u0131r. En b\u00fcy\u00fck hedefimiz, kombine sat\u0131\u015flar\u0131n\u0131 art\u0131r\u0131rken \u015fehrimizin t\u00fcm dinamiklerini Samsunspor \u00e7at\u0131s\u0131 alt\u0131nda bulu\u015fturmakt\u0131r.&#8221;<\/p>\n\n\n\n<p class=\"wp-block-paragraph\">Samsunspor&#8217;un \u015fehrin en \u00f6nemli marka de\u011ferlerinden biri oldu\u011funa dikkat \u00e7eken Carus, kul\u00fcb\u00fcn ba\u015far\u0131s\u0131n\u0131n Samsun&#8217;un tan\u0131t\u0131m\u0131na ve yerel ekonomiye de \u00f6nemli katk\u0131lar sundu\u011funu vurgulad\u0131.<\/p>\n\n\n\n<p class=\"wp-block-paragraph\">Toplant\u0131da ayr\u0131ca kombine bilet sat\u0131\u015flar\u0131 da de\u011ferlendirildi. Ba\u015fkan Yard\u0131mc\u0131m\u0131z Fazl\u0131han Carus, \u015fu ana kadar yakla\u015f\u0131k 3 bin kombine biletin sat\u0131ld\u0131\u011f\u0131n\u0131 belirterek, ligin ba\u015flamas\u0131na k\u0131sa s\u00fcre kala taraftarlar\u0131m\u0131z\u0131n g\u00f6sterece\u011fi ilgiyle bu rakam\u0131n daha da artaca\u011f\u0131na inand\u0131klar\u0131n\u0131 ifade etti.<\/p>\n\n\n\n<p class=\"wp-block-paragraph\">Toplant\u0131, Samsunspor&#8217;un ba\u015far\u0131s\u0131 i\u00e7in \u015fehrin t\u00fcm dinamiklerinin birlik ve beraberlik i\u00e7erisinde hareket etmesi gerekti\u011fi y\u00f6n\u00fcndeki ortak mesajlarla sona erdi.<\/p>\n\n\n\n<figure class=\"wp-block-image size-large\"><img loading=\"lazy\" decoding=\"async\" width=\"1024\" height=\"683\" src=\"https:\/\/www.samsunspor.org.tr\/wp-content\/uploads\/2026\/07\/SMSN8811-1024x683.jpg\" alt=\"\" class=\"wp-image-3925\" srcset=\"https:\/\/www.samsunspor.org.tr\/v2\/wp-content\/uploads\/2026\/07\/SMSN8811-1024x683.jpg 1024w, https:\/\/www.samsunspor.org.tr\/v2\/wp-content\/uploads\/2026\/07\/SMSN8811-300x200.jpg 300w, https:\/\/www.samsunspor.org.tr\/v2\/wp-content\/uploads\/2026\/07\/SMSN8811-768x512.jpg 768w, https:\/\/www.samsunspor.org.tr\/v2\/wp-content\/uploads\/2026\/07\/SMSN8811-1536x1024.jpg 1536w, https:\/\/www.samsunspor.org.tr\/v2\/wp-content\/uploads\/2026\/07\/SMSN8811-2048x1365.jpg 2048w, https:\/\/www.samsunspor.org.tr\/v2\/wp-content\/uploads\/2026\/07\/SMSN8811-128x85.jpg 128w, https:\/\/www.samsunspor.org.tr\/v2\/wp-content\/uploads\/2026\/07\/SMSN8811-32x21.jpg 32w, https:\/\/www.samsunspor.org.tr\/v2\/wp-content\/uploads\/2026\/07\/SMSN8811-600x400.jpg 600w\" sizes=\"auto, (max-width: 1024px) 100vw, 1024px\" \/><\/figure>\n\n\n\n<figure class=\"wp-block-image size-large\"><img loading=\"lazy\" decoding=\"async\" width=\"1024\" height=\"683\" src=\"https:\/\/www.samsunspor.org.tr\/wp-content\/uploads\/2026\/07\/SMSN8854-1024x683.jpg\" alt=\"\" class=\"wp-image-3924\" srcset=\"https:\/\/www.samsunspor.org.tr\/v2\/wp-content\/uploads\/2026\/07\/SMSN8854-1024x683.jpg 1024w, https:\/\/www.samsunspor.org.tr\/v2\/wp-content\/uploads\/2026\/07\/SMSN8854-300x200.jpg 300w, https:\/\/www.samsunspor.org.tr\/v2\/wp-content\/uploads\/2026\/07\/SMSN8854-768x512.jpg 768w, https:\/\/www.samsunspor.org.tr\/v2\/wp-content\/uploads\/2026\/07\/SMSN8854-1536x1024.jpg 1536w, https:\/\/www.samsunspor.org.tr\/v2\/wp-content\/uploads\/2026\/07\/SMSN8854-2048x1365.jpg 2048w, https:\/\/www.samsunspor.org.tr\/v2\/wp-content\/uploads\/2026\/07\/SMSN8854-128x85.jpg 128w, https:\/\/www.samsunspor.org.tr\/v2\/wp-content\/uploads\/2026\/07\/SMSN8854-32x21.jpg 32w, https:\/\/www.samsunspor.org.tr\/v2\/wp-content\/uploads\/2026\/07\/SMSN8854-600x400.jpg 600w\" sizes=\"auto, (max-width: 1024px) 100vw, 1024px\" \/><\/figure>\n","protected":false},"excerpt":{"rendered":"<p>Samsun Esnaf ve Sanatk\u00e2rlar Odalar\u0131 Birli\u011fi (SESOB) Ba\u015fkan\u0131 Hac\u0131 Ey\u00fcb G\u00fcler&#8217;in ev sahipli\u011finde d\u00fczenlenen toplant\u0131da, Samsun esnaf\u0131 kul\u00fcb\u00fcm\u00fcze destek mesaj\u0131&hellip;<\/p>\n","protected":false},"author":3,"featured_media":3926,"comment_status":"open","ping_status":"open","sticky":false,"template":"","format":"standard","meta":{"footnotes":""},"categories":[48,1],"tags":[],"class_list":["post-3923","post","type-post","status-publish","format-standard","has-post-thumbnail","hentry","category-haberler","category-kulup"],"aioseo_notices":[],"_links":{"self":[{"href":"https:\/\/www.samsunspor.org.tr\/v2\/wp-json\/wp\/v2\/posts\/3923","targetHints":{"allow":["GET"]}}],"collection":[{"href":"https:\/\/www.samsunspor.org.tr\/v2\/wp-json\/wp\/v2\/posts"}],"about":[{"href":"https:\/\/www.samsunspor.org.tr\/v2\/wp-json\/wp\/v2\/types\/post"}],"author":[{"embeddable":true,"href":"https:\/\/www.samsunspor.org.tr\/v2\/wp-json\/wp\/v2\/users\/3"}],"replies":[{"embeddable":true,"href":"https:\/\/www.samsunspor.org.tr\/v2\/wp-json\/wp\/v2\/comments?post=3923"}],"version-history":[{"count":1,"href":"https:\/\/www.samsunspor.org.tr\/v2\/wp-json\/wp\/v2\/posts\/3923\/revisions"}],"predecessor-version":[{"id":3927,"href":"https:\/\/www.samsunspor.org.tr\/v2\/wp-json\/wp\/v2\/posts\/3923\/revisions\/3927"}],"wp:featuredmedia":[{"embeddable":true,"href":"https:\/\/www.samsunspor.org.tr\/v2\/wp-json\/wp\/v2\/media\/3926"}],"wp:attachment":[{"href":"https:\/\/www.samsunspor.org.tr\/v2\/wp-json\/wp\/v2\/media?parent=3923"}],"wp:term":[{"taxonomy":"category","embeddable":true,"href":"https:\/\/www.samsunspor.org.tr\/v2\/wp-json\/wp\/v2\/categories?post=3923"},{"taxonomy":"post_tag","embeddable":true,"href":"https:\/\/www.samsunspor.org.tr\/v2\/wp-json\/wp\/v2\/tags?post=3923"}],"curies":[{"name":"wp","href":"https:\/\/api.w.org\/{rel}","templated":true}]}}